{"id":2197,"date":"2024-04-01T14:57:24","date_gmt":"2024-04-01T12:57:24","guid":{"rendered":"https:\/\/nonhoff.info\/zeitreich\/?post_type=blog_post&#038;p=2197"},"modified":"2024-04-03T08:43:57","modified_gmt":"2024-04-03T06:43:57","slug":"depressiverteddy","status":"publish","type":"blog_post","link":"https:\/\/www.nonhoff.info\/zeitreich\/blog-post\/depressiverteddy\/","title":{"rendered":"die gro\u00dfe Dunkelheit &#8211; ein Kapitel aus dem Buch Bj\u00f6rn Out"},"content":{"rendered":"<h1>Die Gro\u00dfe Dunkelheit &#8211; Teddys d\u00fcstere Stunde dem Roman Bj\u00f6rn Out<\/h1>\n<p>&nbsp;<\/p>\n<p>Teddy konnte nicht mehr. Er wollte nicht mehr. Oder er konnte und wollte mehr. Aber zugleich eben konnte und wollte er nicht mehr. Er schaute in die dunkle Nacht hinaus und war leer und ersch\u00f6pft. Er kannte diese Momente. Nur wusste er gerade nicht, ob er tr\u00e4umte oder wach war. Er war allein. Allein in einer dunklen Schwere, von der er niemandem erz\u00e4hlen wollte oder konnte. Es war ihm, als ob seine beiden Arme an Seile gebunden waren und er zwischen diesen beiden Polen gefangen war. Wie ein Schiff im Ozean zwischen zwei Wellen.<\/p>\n<p>Vor Teddys Augen zogen vergangene Erlebnisse vorbei. Die Parkbank, Fred, seine Suche nach ihm und der Lebensfreude. \u00a0\u00a0Er konnte niemandem gut genug sein. Er f\u00fchlte sich wie ein Versager auf der ganzen Linie. Ungewaschenes Fell, allein, abgestellt in einem Regal. Um jetzt hier am Fenster zu stehen, in dieser bleiernen Schwere.<\/p>\n<p>Er ging zur Schublade, nahm den Strick heraus. Er stellte sich auf den Tisch. Band den Strick an den Haken der Decke, an dem irgendwann vor l\u00e4ngerer Zeit eine Lampe hing. Er legte sich die Schlaufe um den Hals und sprang. Da baumelte er jetzt und schwang hin und her. Dann war es wieder still. Es tat ihm ein wenig weh am Hals. Von hier oben sah die Welt ganz anders aus. Mit der Zeit merkte Teddy, dass ihm dieses Baumeln sogar Freude bereitete.<\/p>\n<p>Ein Teddy konnte sich weder das Genick brechen noch ersticken. Er war zum ewigen Kuscheln verbannt. Wie findet man Erl\u00f6sung?<\/p>\n<p>Teddy wachte mit Halsschmerzen auf. Er f\u00fchlte sich lebensm\u00fcde. Schon wieder.<\/p>\n<p>Mein Gott, wann wird das enden?<\/p>\n<p>Gott antwortete nicht.<\/p>\n<p>Hat Gott eigentlich jemals geantwortet?<\/p>\n<p>Das Ende war es auch nicht.<\/p>\n<p>&nbsp;<\/p>\n<p><a href=\"https:\/\/nonhoff.info\/zeitreich\/wp-content\/uploads\/2024\/04\/bnonhoff_a_happy_teddy_performing_in_the_Tate_modern_museum_s_06bd28c8-03d2-467e-990d-3ee31a039918_3.png\"><img loading=\"lazy\" decoding=\"async\" class=\"aligncenter size-full wp-image-2204\" src=\"https:\/\/nonhoff.info\/zeitreich\/wp-content\/uploads\/2024\/04\/bnonhoff_a_happy_teddy_performing_in_the_Tate_modern_museum_s_06bd28c8-03d2-467e-990d-3ee31a039918_3.png\" alt=\"\" width=\"1024\" height=\"1024\" srcset=\"https:\/\/www.nonhoff.info\/zeitreich\/wp-content\/uploads\/2024\/04\/bnonhoff_a_happy_teddy_performing_in_the_Tate_modern_museum_s_06bd28c8-03d2-467e-990d-3ee31a039918_3.png 1024w, https:\/\/www.nonhoff.info\/zeitreich\/wp-content\/uploads\/2024\/04\/bnonhoff_a_happy_teddy_performing_in_the_Tate_modern_museum_s_06bd28c8-03d2-467e-990d-3ee31a039918_3-100x100.png 100w, https:\/\/www.nonhoff.info\/zeitreich\/wp-content\/uploads\/2024\/04\/bnonhoff_a_happy_teddy_performing_in_the_Tate_modern_museum_s_06bd28c8-03d2-467e-990d-3ee31a039918_3-600x600.png 600w, https:\/\/www.nonhoff.info\/zeitreich\/wp-content\/uploads\/2024\/04\/bnonhoff_a_happy_teddy_performing_in_the_Tate_modern_museum_s_06bd28c8-03d2-467e-990d-3ee31a039918_3-300x300.png 300w, https:\/\/www.nonhoff.info\/zeitreich\/wp-content\/uploads\/2024\/04\/bnonhoff_a_happy_teddy_performing_in_the_Tate_modern_museum_s_06bd28c8-03d2-467e-990d-3ee31a039918_3-150x150.png 150w, https:\/\/www.nonhoff.info\/zeitreich\/wp-content\/uploads\/2024\/04\/bnonhoff_a_happy_teddy_performing_in_the_Tate_modern_museum_s_06bd28c8-03d2-467e-990d-3ee31a039918_3-768x768.png 768w, https:\/\/www.nonhoff.info\/zeitreich\/wp-content\/uploads\/2024\/04\/bnonhoff_a_happy_teddy_performing_in_the_Tate_modern_museum_s_06bd28c8-03d2-467e-990d-3ee31a039918_3-75x75.png 75w\" sizes=\"auto, (max-width: 1024px) 100vw, 1024px\" \/><\/a><\/p>\n<p>Das<a href=\"https:\/\/nonhoff.info\/zeitreich\/shop\/\"> Buch Bj\u00f6rn Out erhalten Sie hier im Zeitreich Shop\u00a0<\/a> und bei einem Buchh\u00e4ndler ihres Vertrauens.<\/p>\n","protected":false},"excerpt":{"rendered":"<p>Die Gro\u00dfe Dunkelheit &#8211; Teddys d\u00fcstere Stunde dem Roman Bj\u00f6rn Out &nbsp; Teddy konnte nicht mehr. Er wollte nicht mehr. Oder er konnte und wollte<a href=\"https:\/\/www.nonhoff.info\/zeitreich\/blog-post\/depressiverteddy\/\" class=\"more-link\"><span class=\"screen-reader-text\"> &#8220;die gro\u00dfe Dunkelheit &#8211; ein Kapitel aus dem Buch Bj\u00f6rn Out&#8221;<\/span><\/a><\/p>\n","protected":false},"author":1,"featured_media":2202,"comment_status":"closed","ping_status":"closed","template":"","tags":[],"blog-category":[169],"class_list":["post-2197","blog_post","type-blog_post","status-publish","has-post-thumbnail","hentry","blog-category-eigenverlag"],"_links":{"self":[{"href":"https:\/\/www.nonhoff.info\/zeitreich\/wp-json\/wp\/v2\/blog_post\/2197","targetHints":{"allow":["GET"]}}],"collection":[{"href":"https:\/\/www.nonhoff.info\/zeitreich\/wp-json\/wp\/v2\/blog_post"}],"about":[{"href":"https:\/\/www.nonhoff.info\/zeitreich\/wp-json\/wp\/v2\/types\/blog_post"}],"author":[{"embeddable":true,"href":"https:\/\/www.nonhoff.info\/zeitreich\/wp-json\/wp\/v2\/users\/1"}],"replies":[{"embeddable":true,"href":"https:\/\/www.nonhoff.info\/zeitreich\/wp-json\/wp\/v2\/comments?post=2197"}],"wp:featuredmedia":[{"embeddable":true,"href":"https:\/\/www.nonhoff.info\/zeitreich\/wp-json\/wp\/v2\/media\/2202"}],"wp:attachment":[{"href":"https:\/\/www.nonhoff.info\/zeitreich\/wp-json\/wp\/v2\/media?parent=2197"}],"wp:term":[{"taxonomy":"post_tag","embeddable":true,"href":"https:\/\/www.nonhoff.info\/zeitreich\/wp-json\/wp\/v2\/tags?post=2197"},{"taxonomy":"blog-category","embeddable":true,"href":"https:\/\/www.nonhoff.info\/zeitreich\/wp-json\/wp\/v2\/blog-category?post=2197"}],"curies":[{"name":"wp","href":"https:\/\/api.w.org\/{rel}","templated":true}]}}